{"id":840,"date":"2026-03-14T16:36:12","date_gmt":"2026-03-14T15:36:12","guid":{"rendered":"https:\/\/kcb-bremerhaven.de\/?p=840"},"modified":"2026-03-14T16:36:14","modified_gmt":"2026-03-14T15:36:14","slug":"jahreshauptversammlung-2026","status":"publish","type":"post","link":"https:\/\/kcb-bremerhaven.de\/?p=840","title":{"rendered":"Jahreshauptversammlung 2026"},"content":{"rendered":"\n<p class=\"has-black-color has-text-color has-link-color wp-elements-95e9da631ff656e2700007af11d49d22\">In diesem Jahr fand die Jahreshauptversammlung am 12.M\u00e4rz in den R\u00e4umen des WSV Wulsdorf statt.<\/p>\n\n\n\n<p class=\"has-black-color has-text-color has-link-color wp-elements-cabf7f1d64b7dee11533b8a6714453bb\">Annette G\u00f6cke hat nach 3 Jahrzehnten die F\u00fchrung des Vereins niedergelegt. Der Verein schuldet ihr Dank f\u00fcr die Zeit und die Arbeit, die sie eingebracht hat.<\/p>\n\n\n\n<p class=\"has-black-color has-text-color has-link-color wp-elements-bc4c3dbd5ee336639193dee04ed181c4\">Da Erwin van Dongen als Wanderwart ebenfalls nicht zur Wiederwahl angetreten ist, stand im Winter die Aufl\u00f6sung des KCB zur Debatte. Die daraufhin einberufene ordentliche Jahreshauptversammlung w\u00e4hlte einen neuen Vorstand, so dass die Aufl\u00f6sung des Vereins erst mal vom Tisch ist.<\/p>\n\n\n\n<p class=\"has-black-color has-text-color has-link-color wp-elements-50f8ec1ae545dbac867bad5302d88bdf\">Der neue gesch\u00e4ftsf\u00fchrende Vorstand setzt sich seit Donnerstag wie folgt zusammen:<\/p>\n\n\n\n<p class=\"has-black-color has-text-color has-link-color wp-elements-42117f08b9a730dadc5ca250e728043e\">Gaby Eckmeier, 1. Vorsitzende <\/p>\n\n\n\n<p class=\"has-black-color has-text-color has-link-color wp-elements-687716bb34a806aadcf85b89a114d429\">J\u00f6rg Duan, Gesch\u00e4ftsf\u00fchrer (im Amt best\u00e4tigt)<\/p>\n\n\n\n<p class=\"has-black-color has-text-color has-link-color wp-elements-8d36eec83a6ad0fe283949d5cbfc9d7f\">Richard Brinkmann, Wanderwart (vorher langj\u00e4hriger Jugendwart und C-Trainer Kanusport)<\/p>\n\n\n\n<p class=\"has-black-color has-text-color has-link-color wp-elements-9ac89b356150aac87289e3288a91cf89\">Im erweiterten Vorstand sind die folgenden Positionen besetzt worden:<\/p>\n\n\n\n<p class=\"has-black-color has-text-color has-link-color wp-elements-4e9caa40e05ca8a350b8bbed8140cbbf\" style=\"font-style:normal;font-weight:400\">Katharina Vangberg-Brinkmann, Protokollf\u00fchrung <\/p>\n\n\n\n<p class=\"has-black-color has-text-color has-link-color wp-elements-cd774d65e4fe6fdc5a369ef18d444e72\">Thorsten Wedmann, Platz- und Ger\u00e4tewart (im Amt best\u00e4tigt)<\/p>\n\n\n\n<p class=\"has-black-color has-text-color has-link-color wp-elements-3beef70dca27affc86ef21abc87bd420\">Lars Brinkmann, Jugendwart (C-Trainer Kanusport)<\/p>\n\n\n\n<p class=\"has-black-color has-text-color has-link-color wp-elements-3f9816d6c2fb0edffa8da47bdfc0f37b\" style=\"font-style:normal;font-weight:700\"><strong>Das Fahrtenprogramm startet bereits am kommenden Wochenende, Anpaddeln wird am Wochenende nach Ostern sein. Der Vorstand w\u00fcnscht sich rege Beteiligung, da Verein vom mitmachen lebt.<\/strong> Weitere Informationen an die Mitglieder werden zusammen mit dem Fahrtenprogramm an die Mitglieder verschickt.<\/p>\n\n\n\n<p><\/p>\n","protected":false},"excerpt":{"rendered":"<p>In diesem Jahr fand die Jahreshauptversammlung am 12.M\u00e4rz in den R\u00e4umen des WSV Wulsdorf statt. Annette G\u00f6cke hat nach 3 Jahrzehnten die F\u00fchrung des Vereins niedergelegt. Der Verein schuldet ihr Dank f\u00fcr die Zeit und die Arbeit, die sie eingebracht hat. Da Erwin van Dongen als Wanderwart ebenfalls nicht zur Wiederwahl angetreten ist, stand im &hellip; <\/p>\n<p><a class=\"more-link btn\" href=\"https:\/\/kcb-bremerhaven.de\/?p=840\">Weiterlesen<\/a><\/p>\n","protected":false},"author":3,"featured_media":0,"comment_status":"closed","ping_status":"closed","sticky":false,"template":"","format":"standard","meta":{"ngg_post_thumbnail":0,"footnotes":""},"categories":[7],"tags":[],"class_list":["post-840","post","type-post","status-publish","format-standard","hentry","category-aktuelles","item-wrap"],"_links":{"self":[{"href":"https:\/\/kcb-bremerhaven.de\/index.php?rest_route=\/wp\/v2\/posts\/840","targetHints":{"allow":["GET"]}}],"collection":[{"href":"https:\/\/kcb-bremerhaven.de\/index.php?rest_route=\/wp\/v2\/posts"}],"about":[{"href":"https:\/\/kcb-bremerhaven.de\/index.php?rest_route=\/wp\/v2\/types\/post"}],"author":[{"embeddable":true,"href":"https:\/\/kcb-bremerhaven.de\/index.php?rest_route=\/wp\/v2\/users\/3"}],"replies":[{"embeddable":true,"href":"https:\/\/kcb-bremerhaven.de\/index.php?rest_route=%2Fwp%2Fv2%2Fcomments&post=840"}],"version-history":[{"count":2,"href":"https:\/\/kcb-bremerhaven.de\/index.php?rest_route=\/wp\/v2\/posts\/840\/revisions"}],"predecessor-version":[{"id":842,"href":"https:\/\/kcb-bremerhaven.de\/index.php?rest_route=\/wp\/v2\/posts\/840\/revisions\/842"}],"wp:attachment":[{"href":"https:\/\/kcb-bremerhaven.de\/index.php?rest_route=%2Fwp%2Fv2%2Fmedia&parent=840"}],"wp:term":[{"taxonomy":"category","embeddable":true,"href":"https:\/\/kcb-bremerhaven.de\/index.php?rest_route=%2Fwp%2Fv2%2Fcategories&post=840"},{"taxonomy":"post_tag","embeddable":true,"href":"https:\/\/kcb-bremerhaven.de\/index.php?rest_route=%2Fwp%2Fv2%2Ftags&post=840"}],"curies":[{"name":"wp","href":"https:\/\/api.w.org\/{rel}","templated":true}]}}